{"id":1639,"date":"2021-08-31T18:54:20","date_gmt":"2021-08-31T16:54:20","guid":{"rendered":"https:\/\/tgo-volleyball.de\/WP\/?p=1639"},"modified":"2021-08-31T18:54:36","modified_gmt":"2021-08-31T16:54:36","slug":"sommer-interview-3","status":"publish","type":"post","link":"https:\/\/tgo-volleyball.de\/WP\/sommer-interview-3\/","title":{"rendered":"Sommer-Interview"},"content":{"rendered":"<div class=\"wpb-content-wrapper\"><div class=\"vc_row wpb_row row\">\n<div class=\"wpb_column vc_column_container vc_col-sm-12\">\n<div class=\"vc_column-inner\">\n<div class=\"wpb_wrapper\">\n<div class=\"wpb_text_column wpb_content_element \">\n<div class=\"wpb_wrapper\">\n<p><strong>Mit dem heutigen Interview endet vorl\u00e4ufig unsere Sommer-Reihe \u201eWir sind Volleyball\u201c. Im Gespr\u00e4ch zum Abschluss sind Elke Geiger und Samir Feriz-Pavlic. Die beiden sind seit Jahren im Volleyball aktiv und leiten die Freizeitgruppe 40+.<\/strong><\/p>\n<p><strong>Beschreibt uns doch mal Eure Gruppe:<\/strong><\/p>\n<p><strong>Samir:\u00a0<\/strong><em>ganz einfach \u2013 wir sind alles, nur nicht 40+ (lacht). Wir sind die bunteste, toleranteste, lustigste und gemischteste Truppe in Reihen der Volleyballer.<\/em><\/p>\n<p><strong>Elke:\u00a0<\/strong><em>wir legen den Fokus auf den Spa\u00df beim Spielen. Bei Samir arbeiten wir noch daran. Ihn packt ab und zu noch der pers\u00f6nliche eigene Ehrgeiz. Aber das bekommen wir immer besser in den Griff.<\/em><\/p>\n<p><strong>Wer darf bei Euch mitmachen ?<\/strong><\/p>\n<p><strong>Elke:\u00a0<\/strong><em>auch ganz einfach: Jeder und Jede. Ganz egal, wie die Spielst\u00e4rke, die Nationalit\u00e4t, der Beruf oder das Alter ist.<\/em><\/p>\n<p><strong>Samir:\u00a0<\/strong><em>Unsere j\u00fcngsten Spieler sind unter 30, unser \u00c4ltester kratzt an der 70. Zu uns kommen Eltern mit ihren erwachsenen Kindern, Paare, die wieder gemeinsam Sport treiben wollen, Frauen und M\u00e4nner, die Spa\u00df am Volleyball haben. Und sogar unser Offenauer Pater Saju spielt bei uns mit. Das hei\u00dft aber nicht, dass wir alle Engel sind (lacht).<\/em><\/p>\n<p><strong>Wie ist eure Gruppe entstanden ?<\/strong><\/p>\n<p><strong>Elke:\u00a0<\/strong><em>wir wollten zu den Mannschaftstrainings eine gute Erg\u00e4nzung bringen. Nicht die Leistung oder Spielst\u00e4rke in den Vordergrund stellen, sondern das Miteinander. Und das scheint uns gelungen zu sein.<\/em><\/p>\n<p><strong>Samir:\u00a0<\/strong><em>Wir haben aufgesammelt, was noch keine so rechte Heimat im Volleyball hatte. Dazu sind dann noch in Teilen die Jederm\u00e4nner gekommen, denen einmal Sport pro Woche zu wenig war, oder auch die Gr\u00fcnderinnen der Abt. Volleyball, die damals noch aktiven Spielerinnen der Mittwochs-Damen.<\/em><\/p>\n<p><strong>Was macht Euch besonders Spa\u00df ?<\/strong><\/p>\n<p><strong>Samir:\u00a0<\/strong><em>dass wir Volleyball nicht zu ernst nehmen \u2026<\/em><\/p>\n<p><strong>Elke:<\/strong><em>\u00a0Naja, dass kann man bei Dir nicht unbedingt best\u00e4tigen (lacht)<\/em><\/p>\n<p><strong>Samir:<\/strong><em>\u00a0Ja, mich packt ab und zu der Ehrgeiz, aber das Sch\u00f6ne daran ist, dass das jeder einzelne f\u00fcr sich selbst ausmacht und es sich bei mir nur auf meine Leistung bezieht. Wir kommen gerne zum Volleyball spielen zusammen und das ist einfach sch\u00f6n.<\/em><\/p>\n<p><strong>Auf was legt ihr in eurer Gruppe besonders gro\u00dfen Wert ?<\/strong><\/p>\n<p><strong>Samir:<\/strong><em>\u00a0gute Frage. Wir legen Wert auf gemeinsames Spielen. Es gibt keinen Leistungsdruck. Wenn ein Ball mal nicht klappt, dann wird nicht rumgen\u00f6rgelt, sondern motiviert. Und alleine dadurch entwickeln sich alle spielerisch weiter.<\/em><\/p>\n<p><strong>Elke:<\/strong><em>\u00a0wir schauen schon bei der Einteilung der Teams darauf, dass diese m\u00f6glichst gleichstark sind und sch\u00f6ne Spielz\u00fcge dabei rauskommen. Wir sind da um zu spielen. Nicht mehr und nicht weniger.<\/em><\/p>\n<p><strong><em>Welche Voraussetzungen muss ich mitbringen, um bei euch mitspielen zu k\u00f6nnen ?<\/em><\/strong><\/p>\n<p><strong>Elke:<\/strong><em>\u00a0Donnerstags Zeit haben. Wir sind im Sommer ab 19.00 Uhr auf der Beachsport-Anlage und im Herbst dann ab 20.00 Uhr in der Sporthalle. Mehr braucht es nicht.<\/em><\/p>\n<p><strong>Samir:\u00a0<\/strong><em>mittlerweile haben wir einen gro\u00dfen Stamm an Spielern, die ein regelm\u00e4\u00dfiges Training erm\u00f6glichen. So kann jeder nach seinem Kalender, seinem Schichtplan, seiner Zeit flexibel am Training teilnehmen oder pausieren und wir freuen uns, wenn er oder sie dann halt beim n\u00e4chsten Mal wieder dabei ist.\u00a0<\/em><\/p>\n<p><strong>Was macht ihr denn noch ausser Volleyball spielen ?<\/strong><\/p>\n<p><strong>Elke:\u00a0<\/strong><em>Wir sind \u00fcberall dabei, wo wir gebraucht werden. Auch hier gibt es kein \u201emuss\u201c sondern nur ein \u201ekann\u201c. Wir spielen beim Wolleball-Kapp mit, helfen bei den Veranstaltungen am Zapfhahn oder am Grill \u2013 jeder, wie er es f\u00fcr sich einrichten kann. Wenn es Corona zul\u00e4sst, dann gibt es dieses Jahr wieder ein sch\u00f6nes Abschlussessen zum Jahresende.<\/em><\/p>\n<p><strong>Samir:\u00a0<\/strong><em>Geplant war schon Einiges. Wir konnten aber nicht alles durchf\u00fchren. Letztes Jahr haben wir zum Beispiel Tennis gespielt. Das war eine sch\u00f6ne Abwechslung und trotzdem gute Erg\u00e4nzung zum Volleyball. Und Elke und ich sind hier f\u00fcr alles, was noch kommen mag, offen.<\/em><\/p>\n<p><strong>Seit wann seid ihr beide denn beim Volleyball dabei ?<\/strong><\/p>\n<p><strong>Elke:\u00a0<\/strong><em>Bei mir sind es sicherlich schon 25 Jahre. Meine Mutter hat in der alten Turnhalle mit anderen Frauen vor zig Jahren die Mittwochs-Damen ins Leben gerufen. Sie sind der eigentliche Ursprung der Abt. Volleyball gewesen. Mir ist Volleyball also fast schon in die Wiege gelegt worden.<\/em><\/p>\n<p><strong>Samir:\u00a0<\/strong><em>Volleyball spiele ich schon lange. Als ich nach Offenau gezogen bin, hab ich bei den Jederm\u00e4nnern angefangen. Und 40+ war eine tolle Erg\u00e4nzung, die bis heute in der Kombination anh\u00e4lt.<\/em><\/p>\n<p><strong>Vielen Dank f\u00fcr das Gespr\u00e4ch mit Euch, heute bei nochmals herrlichem Sonnenschein auf der Beachsport-Anlage. Vielen Dank f\u00fcr euren Einsatz und eure sp\u00fcrbare Freude in und mit der Gruppe. Die k\u00fchleren Temperaturen am Abend deuten auf den anstehenden Herbst hin und f\u00fcr uns auf das Ende der ersten Staffel der Interview-Reihe \u201eWir sind Volleyball\u201c. Wir hoffen, dass wir mit den Interviews \u00fcber den Sommer interessante Einblicke in die Arbeit der Abteilung geben konnten. Vielen Dank an der Stelle nochmals allen Interview-Partnern f\u00fcr die gef\u00fchrten Gespr\u00e4che und das damit verbundene Engagement. Und an die Leserinnen und Leser vielen Dank f\u00fcr die durchweg positive Resonanz auf die Interviews. Wir werden diese im n\u00e4chsten Jahr fortf\u00fchren. Es gibt noch viele Gespr\u00e4chspartner auf der Liste, die Interessantes, Wissenswertes und Lustiges rund um den Volleyball-Sport in Offenau zu erz\u00e4hlen haben.<\/strong><\/p>\n<h2>Kein Training der Volleykids<\/h2>\n<p><strong>Am Freitag, den 03.09.2021 findet kein Training der Volley-Kids statt. Das n\u00e4chste Training ist dann wieder am Freitag, 10.09.2021.<\/strong><\/p>\n<\/div>\n<\/div>\n<\/div>\n<\/div>\n<\/div>\n<\/div>\n<p>&nbsp;<\/p>\n<p>&nbsp;<\/p>\n<p>&nbsp;<\/p>\n<div class=\"vc_row wpb_row row\">\n<div class=\"wpb_column vc_column_container vc_col-sm-12\">\n<div class=\"vc_column-inner\">\n<div class=\"wpb_wrapper\">\n<div class=\"wpb_text_column wpb_content_element \">\n<div class=\"wpb_wrapper\">\n<div id=\"attachment_3911\" class=\"wp-caption aligncenter\">\n<p><a title=\"\" href=\"https:\/\/tgoffenau.eu\/wp-content\/uploads\/2021\/08\/ko-IMG_2592-rotated.jpg\" data-rel=\"lightbox-image-0\" data-rl_title=\"\" data-rl_caption=\"\"><img loading=\"lazy\" decoding=\"async\" class=\"wp-image-3911\" src=\"https:\/\/tgoffenau.eu\/wp-content\/uploads\/2021\/08\/ko-IMG_2592-700x933.jpg\" sizes=\"auto, (max-width: 350px) 100vw, 350px\" srcset=\"https:\/\/tgoffenau.eu\/wp-content\/uploads\/2021\/08\/ko-IMG_2592-700x933.jpg 700w, https:\/\/tgoffenau.eu\/wp-content\/uploads\/2021\/08\/ko-IMG_2592-450x600.jpg 450w, https:\/\/tgoffenau.eu\/wp-content\/uploads\/2021\/08\/ko-IMG_2592-250x333.jpg 250w, https:\/\/tgoffenau.eu\/wp-content\/uploads\/2021\/08\/ko-IMG_2592-512x683.jpg 512w, https:\/\/tgoffenau.eu\/wp-content\/uploads\/2021\/08\/ko-IMG_2592-338x450.jpg 338w, https:\/\/tgoffenau.eu\/wp-content\/uploads\/2021\/08\/ko-IMG_2592-rotated.jpg 750w\" alt=\"\" width=\"350\" height=\"467\" aria-describedby=\"caption-attachment-3911\" \/><\/a><\/p>\n<p id=\"caption-attachment-3911\" class=\"wp-caption-text\">Sind beim Interview genauso entspannt, wie in ihrer Freizeitsport-Gruppe 40+. Elke Geiger (links) und Samir Feriz-Pavlic (mitte) beenden mit ihrem Gespr\u00e4ch die erste Staffel der Sommer-Interview-Reihe \u201cwir sind Volleyball\u201d. N\u00e4chstes Jahr gibt\u2018s eine Fortsetzung.<\/p>\n<\/div>\n<\/div>\n<\/div>\n<\/div>\n<\/div>\n<\/div>\n<\/div>\n<\/div>","protected":false},"excerpt":{"rendered":"<p>Mit dem heutigen Interview endet vorl\u00e4ufig unsere Sommer-Reihe \u201eWir sind Volleyball\u201c. Im Gespr\u00e4ch zum Abschluss sind Elke Geiger und Samir Feriz-Pavlic. Die beiden sind seit Jahren im Volleyball aktiv und leiten die Freizeitgruppe 40+. Beschreibt uns doch mal Eure Gruppe: Samir:\u00a0ganz einfach \u2013 wir sind alles, nur nicht 40+ (lacht). Wir sind die bunteste, toleranteste,&#8230;<\/p>\n","protected":false},"author":1,"featured_media":0,"comment_status":"closed","ping_status":"open","sticky":false,"template":"","format":"standard","meta":{"_crdt_document":"","footnotes":""},"categories":[42],"tags":[],"class_list":["post-1639","post","type-post","status-publish","format-standard","hentry","category-news"],"_links":{"self":[{"href":"https:\/\/tgo-volleyball.de\/WP\/wp-json\/wp\/v2\/posts\/1639","targetHints":{"allow":["GET"]}}],"collection":[{"href":"https:\/\/tgo-volleyball.de\/WP\/wp-json\/wp\/v2\/posts"}],"about":[{"href":"https:\/\/tgo-volleyball.de\/WP\/wp-json\/wp\/v2\/types\/post"}],"author":[{"embeddable":true,"href":"https:\/\/tgo-volleyball.de\/WP\/wp-json\/wp\/v2\/users\/1"}],"replies":[{"embeddable":true,"href":"https:\/\/tgo-volleyball.de\/WP\/wp-json\/wp\/v2\/comments?post=1639"}],"version-history":[{"count":2,"href":"https:\/\/tgo-volleyball.de\/WP\/wp-json\/wp\/v2\/posts\/1639\/revisions"}],"predecessor-version":[{"id":1641,"href":"https:\/\/tgo-volleyball.de\/WP\/wp-json\/wp\/v2\/posts\/1639\/revisions\/1641"}],"wp:attachment":[{"href":"https:\/\/tgo-volleyball.de\/WP\/wp-json\/wp\/v2\/media?parent=1639"}],"wp:term":[{"taxonomy":"category","embeddable":true,"href":"https:\/\/tgo-volleyball.de\/WP\/wp-json\/wp\/v2\/categories?post=1639"},{"taxonomy":"post_tag","embeddable":true,"href":"https:\/\/tgo-volleyball.de\/WP\/wp-json\/wp\/v2\/tags?post=1639"}],"curies":[{"name":"wp","href":"https:\/\/api.w.org\/{rel}","templated":true}]}}