{"id":2440,"date":"2025-05-27T17:01:42","date_gmt":"2025-05-27T15:01:42","guid":{"rendered":"https:\/\/tgo-volleyball.de\/WP\/?p=2440"},"modified":"2025-05-27T17:01:42","modified_gmt":"2025-05-27T15:01:42","slug":"hohe-verbands-auszeichnungen-fuer-offenauer-volleyballer","status":"publish","type":"post","link":"https:\/\/tgo-volleyball.de\/WP\/hohe-verbands-auszeichnungen-fuer-offenauer-volleyballer\/","title":{"rendered":"Hohe Verbands-Auszeichnungen f\u00fcr Offenauer Volleyballer"},"content":{"rendered":"<div class=\"wpb-content-wrapper\"><p>[vc_row][vc_column][vc_column_text css=&#8220;&#8220;]\u00dcber 60 Teilnehmerinnen und Teilnehmer aus allen Gruppen, von der Jugend, \u00fcber die Aktiven, bis hin zu den Freizeitspielern und dem Volleyball-Helfer-Team waren im Kulturforum Saline zur 35. Hauptversammlung der Abteilung Volleyball zusammengekommen.<\/p>\n<p>In kurzweiligen Berichten gaben Nathalie H\u00f6ll (Volley-Kids), Marco Geiger (Beachsport &amp; Nachwuchsteam), Matthias H\u00f6ll (Freitzeitgruppe 40+) und Philipp H\u00fcbener (Teamsport) einen R\u00fcckblick \u00fcber ihren jeweiligen Verantwortungsbereich.<\/p>\n<p>Michael Kuhn konnte von einem investitions- und umsatzstarken Jahr berichten, mit Anschaffungen f\u00fcr neue Trikots oder dem Umbau des Seecontainers zur Gyrosh\u00fctte samt Dachterrasse. Die in den Vorjahren gebildeten R\u00fccklagen wurden daf\u00fcr eingesetzt. Trotzdem verbleibt ein gutes finanzielles Polster f\u00fcr den sportlichen Bereich, f\u00fcr die Erhaltung der Beachsportanlage und die Fertigstellung der Dachterrasse f\u00fcrs Kornlupferfest.<\/p>\n<p>Einstimmig fielen die Entlastungen f\u00fcr Finanzchef Michael Kuhn und die gesamte Abteilungsleitung aus, nachdem Marc Kreibich als Kassenpr\u00fcfer eine einwandfreie Kassenf\u00fchrung best\u00e4tigt hat und Helmut Kowol die Entlastung im Namen der Versammlung beantragte.<\/p>\n<p>Wie im Vorjahr war auch bei den Wahlen die Best\u00e4ndigkeit zu erkennen. Fast alle Positionen, die zur Wiederwahl standen, wurden vom bisherigen Amtsinhaber wiederbesetzt und einstimmig gew\u00e4hlt.<\/p>\n<p>Wir gratulieren Bettina Fischer (2. Vorsitzende), Michael Kuhn (Leiter Finanzen), J\u00fcrgen Kowol (Schriftf\u00fchrer, Presse, \u00d6ffentlichkeitsarbeit), Petra Czernuska-Kowol (stv. Leiterin Helferteam), Steffen Schuh (Jubil\u00e4umswart) und Lotta Kowol (Beisitzerin Jugend) zur Wahl und freuen uns auf das weitere Engagement. Zum neuen Kassenpr\u00fcfer wurde Thomas Urbasik gew\u00e4hlt, der Peter Klotz nach \u00fcber 25 Jahren Pr\u00fcfert\u00e4tigkeit ersetzen wird. Jonathan H\u00f6ll wurde zum weiteren Beisitzer Jugend gew\u00e4hlt und erg\u00e4nzt damit die Ausschussmitglieder.<\/p>\n<p>Auch der Blick zur\u00fcck aufs Kornlupferfest 2024 war durchweg positiv. Ein perfektes Fest mit 3 fr\u00f6hlichen Festtagen und sehr guten Ums\u00e4tzen bilden erneut die finanzielle Basis f\u00fcr die gesamte Abteilung.<\/p>\n<p>2025 wird die neue Dachterrasse auf dem Gyroscontainer eingeweiht und das Gro\u00dfprojekt damit abgeschlossen. Auf dem Plan steht zudem die Anschaffung eines neuen Festzeltes sowie Tiefbauarbeiten zur dauerhaften Verlegung von Leerrohren zwischen den St\u00e4nden.<\/p>\n<p>Die Freude aufs Kornlupferfest war in der Versammlung schon wieder greifbar.<\/p>\n<p>Einen gro\u00dfen Block nahmen 2025 auch wieder die Ehrungen ein. 10 Jahre nach dem 25j\u00e4hrigen Jubil\u00e4um konnte etliche Abteilungs-, Vereins- und Verbandsehrungen \u00fcberreicht werden.<\/p>\n<p>Nach den Ehrungen, vorgenommen vom \u201eEhrungsminister\u201c der Volleyballer, Steffen Schuh, konnte Matthias H\u00f6ll die 35. Hauptversammlung mit einem gro\u00dfen Dankesch\u00f6n, viel Lob und Anerkennung f\u00fcr die gesamte Abteilung Volleyball beenden und zum gemeinsamen Essen einladen.<\/p>\n<p>&nbsp;<\/p>\n<p>&nbsp;<\/p>\n<h2><strong>Ehrungen:<\/strong><\/h2>\n<p><strong>2025 wurden geehrt:<\/strong><\/p>\n<p>Nina Kowol, Marco Geiger, Marina Sch\u00fctz, Waldemar Hoch, Helmut Kowol (runde Geburtstage), Ramona Fay (Hochzeit), Marco Geiger (5 Jahre Leiter Beachsport), Mona Egner (5 Jahre Jugendleiterin), Peter Klotz (25 Jahre Kassenpr\u00fcfer), Matthias H\u00f6ll (20 Jahre Abteilungsleiter).<\/p>\n<p><strong>Die TGO-Ehrenurkunde erhielten:<\/strong><\/p>\n<p>Armin Milson, Nathalie H\u00f6ll, Lotta Kowol, Marina Sch\u00fctz<\/p>\n<p><strong>Die TGO Ehrennadel in bronze erhielten:<\/strong><\/p>\n<p>Samir Feriz-Pavlic, Andrea H\u00f6ll, Elke Geiger, Mona Egner, Bettina Fischer, Petra Czernuska-Kowol, Thorsten Wasikowski, Heike Lauerer, Gudrun Jauch und <strong>Sanseree Milson. <\/strong><\/p>\n<p><strong>Mit der TGO-Ehrennadel in silber wurden ausgezeichnet:<\/strong><\/p>\n<p>Dagmar Kuhn, Marc Kreibich, Ingo F\u00f6rch und Marco Geiger<\/p>\n<p><strong>Die goldene TGO-Ehrennadel wurde verliehen an:<\/strong><\/p>\n<p>Adalbert Fiolka, Michael Kuhn und Matthias H\u00f6ll<\/p>\n<p><strong>Der Volleyball-Landesverband (VLW) ehrte mit Auszeichnungen:<\/strong><\/p>\n<p>Elke Geiger, Marco Geiger (je Ehrennadel in bronze), Adalbert Fiolka, Matthias H\u00f6ll und Michael Kuhn (je Ehrennadel in silber)<\/p>\n<p>Mit der <strong>Ehrennadel in gold vom W\u00fcrttembergischen Landessportbund (WLSB)<\/strong> wurde J\u00fcrgen Kowol ausgezeichnet.<\/p>\n<p>&nbsp;<\/p>\n<p>&nbsp;<\/p>\n<p>[\/vc_column_text][\/vc_column][\/vc_row][vc_row][vc_column][vc_column_text css=&#8220;&#8220;]<a href=\"https:\/\/tgo-volleyball.de\/WP\/wp-content\/uploads\/2025\/05\/TGO-VB-1-k-scaled.jpg\"><img loading=\"lazy\" decoding=\"async\" class=\"alignleft wp-image-2441\" src=\"https:\/\/tgo-volleyball.de\/WP\/wp-content\/uploads\/2025\/05\/TGO-VB-1-k-scaled.jpg\" alt=\"\" width=\"499\" height=\"308\" srcset=\"https:\/\/tgo-volleyball.de\/WP\/wp-content\/uploads\/2025\/05\/TGO-VB-1-k-scaled.jpg 2560w, https:\/\/tgo-volleyball.de\/WP\/wp-content\/uploads\/2025\/05\/TGO-VB-1-k-300x185.jpg 300w, https:\/\/tgo-volleyball.de\/WP\/wp-content\/uploads\/2025\/05\/TGO-VB-1-k-1024x632.jpg 1024w, https:\/\/tgo-volleyball.de\/WP\/wp-content\/uploads\/2025\/05\/TGO-VB-1-k-768x474.jpg 768w, https:\/\/tgo-volleyball.de\/WP\/wp-content\/uploads\/2025\/05\/TGO-VB-1-k-1536x948.jpg 1536w, https:\/\/tgo-volleyball.de\/WP\/wp-content\/uploads\/2025\/05\/TGO-VB-1-k-2048x1263.jpg 2048w, https:\/\/tgo-volleyball.de\/WP\/wp-content\/uploads\/2025\/05\/TGO-VB-1-k-50x31.jpg 50w, https:\/\/tgo-volleyball.de\/WP\/wp-content\/uploads\/2025\/05\/TGO-VB-1-k-100x62.jpg 100w\" sizes=\"auto, (max-width: 499px) 100vw, 499px\" \/><\/a><a href=\"https:\/\/tgo-volleyball.de\/WP\/wp-content\/uploads\/2025\/05\/TGO-VB-2-k-scaled.jpg\"><img loading=\"lazy\" decoding=\"async\" class=\"alignleft wp-image-2442\" src=\"https:\/\/tgo-volleyball.de\/WP\/wp-content\/uploads\/2025\/05\/TGO-VB-2-k-scaled.jpg\" alt=\"\" width=\"499\" height=\"333\" srcset=\"https:\/\/tgo-volleyball.de\/WP\/wp-content\/uploads\/2025\/05\/TGO-VB-2-k-scaled.jpg 2560w, https:\/\/tgo-volleyball.de\/WP\/wp-content\/uploads\/2025\/05\/TGO-VB-2-k-300x200.jpg 300w, https:\/\/tgo-volleyball.de\/WP\/wp-content\/uploads\/2025\/05\/TGO-VB-2-k-1024x683.jpg 1024w, https:\/\/tgo-volleyball.de\/WP\/wp-content\/uploads\/2025\/05\/TGO-VB-2-k-768x512.jpg 768w, https:\/\/tgo-volleyball.de\/WP\/wp-content\/uploads\/2025\/05\/TGO-VB-2-k-600x400.jpg 600w, https:\/\/tgo-volleyball.de\/WP\/wp-content\/uploads\/2025\/05\/TGO-VB-2-k-1536x1024.jpg 1536w, https:\/\/tgo-volleyball.de\/WP\/wp-content\/uploads\/2025\/05\/TGO-VB-2-k-2048x1365.jpg 2048w, https:\/\/tgo-volleyball.de\/WP\/wp-content\/uploads\/2025\/05\/TGO-VB-2-k-50x33.jpg 50w, https:\/\/tgo-volleyball.de\/WP\/wp-content\/uploads\/2025\/05\/TGO-VB-2-k-100x67.jpg 100w, https:\/\/tgo-volleyball.de\/WP\/wp-content\/uploads\/2025\/05\/TGO-VB-2-k-272x182.jpg 272w\" sizes=\"auto, (max-width: 499px) 100vw, 499px\" \/><\/a>[\/vc_column_text][\/vc_column][\/vc_row]<\/p>\n<\/div>","protected":false},"excerpt":{"rendered":"<p>[vc_row][vc_column][vc_column_text css=&#8220;&#8220;]\u00dcber 60 Teilnehmerinnen und Teilnehmer aus allen Gruppen, von der Jugend, \u00fcber die Aktiven, bis hin zu den Freizeitspielern und dem Volleyball-Helfer-Team waren im Kulturforum Saline zur 35. Hauptversammlung der Abteilung Volleyball zusammengekommen. In kurzweiligen Berichten gaben Nathalie H\u00f6ll (Volley-Kids), Marco Geiger (Beachsport &amp; Nachwuchsteam), Matthias H\u00f6ll (Freitzeitgruppe 40+) und Philipp H\u00fcbener (Teamsport) einen&#8230;<\/p>\n","protected":false},"author":1,"featured_media":0,"comment_status":"closed","ping_status":"open","sticky":false,"template":"","format":"standard","meta":{"_crdt_document":"","footnotes":""},"categories":[42],"tags":[],"class_list":["post-2440","post","type-post","status-publish","format-standard","hentry","category-news"],"_links":{"self":[{"href":"https:\/\/tgo-volleyball.de\/WP\/wp-json\/wp\/v2\/posts\/2440","targetHints":{"allow":["GET"]}}],"collection":[{"href":"https:\/\/tgo-volleyball.de\/WP\/wp-json\/wp\/v2\/posts"}],"about":[{"href":"https:\/\/tgo-volleyball.de\/WP\/wp-json\/wp\/v2\/types\/post"}],"author":[{"embeddable":true,"href":"https:\/\/tgo-volleyball.de\/WP\/wp-json\/wp\/v2\/users\/1"}],"replies":[{"embeddable":true,"href":"https:\/\/tgo-volleyball.de\/WP\/wp-json\/wp\/v2\/comments?post=2440"}],"version-history":[{"count":1,"href":"https:\/\/tgo-volleyball.de\/WP\/wp-json\/wp\/v2\/posts\/2440\/revisions"}],"predecessor-version":[{"id":2443,"href":"https:\/\/tgo-volleyball.de\/WP\/wp-json\/wp\/v2\/posts\/2440\/revisions\/2443"}],"wp:attachment":[{"href":"https:\/\/tgo-volleyball.de\/WP\/wp-json\/wp\/v2\/media?parent=2440"}],"wp:term":[{"taxonomy":"category","embeddable":true,"href":"https:\/\/tgo-volleyball.de\/WP\/wp-json\/wp\/v2\/categories?post=2440"},{"taxonomy":"post_tag","embeddable":true,"href":"https:\/\/tgo-volleyball.de\/WP\/wp-json\/wp\/v2\/tags?post=2440"}],"curies":[{"name":"wp","href":"https:\/\/api.w.org\/{rel}","templated":true}]}}